{"id":4045,"date":"2025-07-04T15:39:02","date_gmt":"2025-07-04T15:39:02","guid":{"rendered":"https:\/\/s-markovic.edu.rs\/hu\/?p=4045"},"modified":"2025-07-04T15:39:02","modified_gmt":"2025-07-04T15:39:02","slug":"az-elsos-tanulok-iratkozasa-az-ujvideki-svetozar-markovic-gimnaziumba-a-2025-2026-os-tanevre","status":"publish","type":"post","link":"https:\/\/s-markovic.edu.rs\/hu\/az-elsos-tanulok-iratkozasa-az-ujvideki-svetozar-markovic-gimnaziumba-a-2025-2026-os-tanevre\/","title":{"rendered":"Az els\u0151s tanul\u00f3k iratkoz\u00e1sa az \u00fajvid\u00e9ki Svetozar Markovi\u0107 Gimn\u00e1ziumba, a 2025\/2026-os tan\u00e9vre"},"content":{"rendered":"<p>A 2025\/2026-os tan\u00e9v els\u0151 oszt\u00e1ly\u00e1ba val\u00f3 iratkoz\u00e1s 2025. j\u00falius 7-\u00e9n, h\u00e9tf\u0151n \u00e9s 2025. j\u00falius 8-\u00e1n, kedden 8 \u00f3ra \u00e9s 15 \u00f3ra k\u00f6z\u00f6tt lesz a Gimn\u00e1zium k\u00f6nyvt\u00e1r\u00e1ban.<\/p>\n<p>A sz\u00fcl\u0151k a gyerek\u00fcket be\u00edrhatj\u00e1k a m\u00e1r hagyom\u00e1nyos m\u00f3don, hogy elj\u00f6nnek az iskol\u00e1ba \u00e9s \u00e1tadj\u00e1k az okm\u00e1nyokat, vagy elektronikus \u00faton az eUpis-t haszn\u00e1lva, az eUprava internetes oldal\u00e1n.<\/p>\n<p>Amennyiben a sz\u00fcl\u0151 \u00e9s a gyerek a hagyom\u00e1nyos m\u00f3dot v\u00e1lasztja \u00e9s elj\u00f6nnek az iskol\u00e1ba, lehet\u0151s\u00e9g\u00fck lesz megismerkedni a tan\u00e1rokkal \u00e9s az \u00e1ltaluk el\u0151adott tant\u00e1rgyakkal. Ily m\u00f3don a gyerek az iskola hangulat\u00e1ba is \u201ebelek\u00f3stolhat\u201d.<\/p>\n<p>Az iskol\u00e1ba j\u00f6vetelkor a sz\u00fcl\u0151 \u00e9s gyerek is alkalomhoz ill\u0151en legyen fel\u00f6lt\u00f6zve (nem megfelel\u0151 a: r\u00f6vidnadr\u00e1g, r\u00f6vid szoknya vagy -ruha, p\u00e1ntos trik\u00f3, papucs).<\/p>\n<p>Fontos, hogy minden di\u00e1k, aki f\u00f6lv\u00e9telt nyert az \u00fajvid\u00e9ki Svetozar Markovi\u0107 Gimn\u00e1ziumba, beiratkozzon szem\u00e9lyesen az iskol\u00e1ban <strong>vagy<\/strong> az interneten az eUprava eUpis port\u00e1lj\u00e1n kereszt\u00fcl.<\/p>\n<p><strong>Az iratkoz\u00e1shoz sz\u00fcks\u00e9ges dokumentumok<\/strong><\/p>\n<ol>\n<li>Jelentkez\u00e9si lap (kaphat\u00f3 \u00e9s kit\u00f6lthet\u0151 a Gimn\u00e1ziumban)<\/li>\n<li>Bizonylat a z\u00e1r\u00f3vizsg\u00e1r\u00f3l,<\/li>\n<li>Bizonylat az elemi iskola elv\u00e9gz\u00e9s\u00e9r\u0151l,<\/li>\n<li>Bizony\u00edtv\u00e1ny az elemi iskola utols\u00f3 h\u00e1rom \u00e9v\u00e9r\u0151l.<\/li>\n<\/ol>\n<p>A sz\u00fcl\u0151k nem k\u00f6telesek iratkoz\u00e1skor felmutatni az al\u00e1bbi dokumentumokat:<\/p>\n<ol>\n<li>Sz\u00fclet\u00e9si anyak\u00f6nyvi kivonat,<\/li>\n<li>Lakc\u00edmigazol\u00e1s,<\/li>\n<li>Eg\u00e9szs\u00e9g\u00fcgyi bizonylat.<\/li>\n<\/ol>\n<p>Csak eredeti dokumentumokat vagy k\u00f6zjegyz\u0151 \u00e1ltal hiteles\u00edtett f\u00e9nym\u00e1solatokat fogadunk el!<\/p>\n<div class=\"ead-preview\"><div class=\"ead-document\" style=\"position: relative;padding-top: 90%;\"><iframe src=\"\/\/view.officeapps.live.com\/op\/embed.aspx?src=https%3A%2F%2Fs-markovic.edu.rs%2Fhu%2Fwp-content%2Fuploads%2Fsites%2F2%2F2025%2F07%2FFormular-za-upis-HU-25-261.docx\" title=\"Embedded Document\" class=\"ead-iframe\" style=\"width: 100%;height: 100%;border: none;position: absolute;left: 0;top: 0;\"><\/iframe><\/div><\/div>\n","protected":false},"excerpt":{"rendered":"<p>A 2025\/2026-os tan\u00e9v els\u0151 oszt\u00e1ly\u00e1ba val\u00f3 iratkoz\u00e1s 2025. j\u00falius 7-\u00e9n, h\u00e9tf\u0151n \u00e9s 2025. j\u00falius 8-\u00e1n, kedden 8 \u00f3ra \u00e9s 15 \u00f3ra k\u00f6z\u00f6tt lesz a Gimn\u00e1zium k\u00f6nyvt\u00e1r\u00e1ban. A sz\u00fcl\u0151k a gyerek\u00fcket be\u00edrhatj\u00e1k a m\u00e1r hagyom\u00e1nyos m\u00f3don, hogy elj\u00f6nnek az iskol\u00e1ba \u00e9s \u00e1tadj\u00e1k az okm\u00e1nyokat, vagy elektronikus \u00faton az eUpis-t haszn\u00e1lva, az eUprava internetes oldal\u00e1n. Amennyiben a [&hellip;]<\/p>\n","protected":false},"author":25,"featured_media":4022,"comment_status":"open","ping_status":"open","sticky":false,"template":"","format":"standard","meta":{"_et_pb_use_builder":"","_et_pb_old_content":"","_et_gb_content_width":"","footnotes":""},"categories":[9,8,93,27],"tags":[],"class_list":["post-4045","post","type-post","status-publish","format-standard","has-post-thumbnail","hentry","category-aktualitasok","category-hirek","category-szaktestuletek-magyar-nyelvu-munkakozossegi","category-szuloknek-informaciok"],"_links":{"self":[{"href":"https:\/\/s-markovic.edu.rs\/hu\/wp-json\/wp\/v2\/posts\/4045","targetHints":{"allow":["GET"]}}],"collection":[{"href":"https:\/\/s-markovic.edu.rs\/hu\/wp-json\/wp\/v2\/posts"}],"about":[{"href":"https:\/\/s-markovic.edu.rs\/hu\/wp-json\/wp\/v2\/types\/post"}],"author":[{"embeddable":true,"href":"https:\/\/s-markovic.edu.rs\/hu\/wp-json\/wp\/v2\/users\/25"}],"replies":[{"embeddable":true,"href":"https:\/\/s-markovic.edu.rs\/hu\/wp-json\/wp\/v2\/comments?post=4045"}],"version-history":[{"count":1,"href":"https:\/\/s-markovic.edu.rs\/hu\/wp-json\/wp\/v2\/posts\/4045\/revisions"}],"predecessor-version":[{"id":4047,"href":"https:\/\/s-markovic.edu.rs\/hu\/wp-json\/wp\/v2\/posts\/4045\/revisions\/4047"}],"wp:featuredmedia":[{"embeddable":true,"href":"https:\/\/s-markovic.edu.rs\/hu\/wp-json\/wp\/v2\/media\/4022"}],"wp:attachment":[{"href":"https:\/\/s-markovic.edu.rs\/hu\/wp-json\/wp\/v2\/media?parent=4045"}],"wp:term":[{"taxonomy":"category","embeddable":true,"href":"https:\/\/s-markovic.edu.rs\/hu\/wp-json\/wp\/v2\/categories?post=4045"},{"taxonomy":"post_tag","embeddable":true,"href":"https:\/\/s-markovic.edu.rs\/hu\/wp-json\/wp\/v2\/tags?post=4045"}],"curies":[{"name":"wp","href":"https:\/\/api.w.org\/{rel}","templated":true}]}}